{"id":2571,"date":"2026-04-27T10:53:15","date_gmt":"2026-04-27T13:53:15","guid":{"rendered":"https:\/\/ullttra.com.br\/ullttranews\/2026\/04\/27\/homem-ameaca-passageiros-com-espada-em-aeroporto-de-sp\/"},"modified":"2026-04-27T10:53:15","modified_gmt":"2026-04-27T13:53:15","slug":"homem-ameaca-passageiros-com-espada-em-aeroporto-de-sp","status":"publish","type":"post","link":"https:\/\/ullttra.com.br\/ullttranews\/2026\/04\/27\/homem-ameaca-passageiros-com-espada-em-aeroporto-de-sp\/","title":{"rendered":"Homem amea\u00e7a passageiros com espada em aeroporto de SP"},"content":{"rendered":"<div style=\"margin-top: 0px; margin-bottom: 0px;\" class=\"sharethis-inline-reaction-buttons\" ><\/div>\n<p>Um homem em surto, de 45 anos, foi detido na noite desse domingo (26\/4) ap\u00f3s amea\u00e7ar passageiros com uma espada no Aeroporto Internacional de Viracopos, em Campinas, interior de S\u00e3o Paulo.<\/p>\n\n\n\n<p>Segundo o boletim de ocorr\u00eancia, a Pol\u00edcia Militar (PM) foi acionada para atender a ocorr\u00eancia, ap\u00f3s ser informada sobre um homem em estado \u201cvis\u00edvel\u201d de surto psic\u00f3tico portando uma arma branca na \u00e1rea p\u00fablica do aeroporto. Ao chegar ao local, o policial tentou conversar com o rapaz, mas n\u00e3o teve sucesso.<\/p>\n\n\n\n<p>O suspeito portava uma espada na regi\u00e3o da cintura. Posteriormente, visando preservar a integridade dos passageiros do aeroporto, o PM usou a pistola taser de choque, imobilizando e desarmando o homem.<\/p>\n\n\n\n<p>\u201cFalava\u201d com membros do CV<br><\/p>\n\n\n\n<ul class=\"wp-block-list\">\n<li>O rapaz foi encaminhado ao Pronto Socorro S\u00e3o Jos\u00e9 para passar por exames m\u00e9dicos.<\/li>\n\n\n\n<li>Posteriormente, foi levado \u00e0 delegacia, onde, segundo o registro policial, demonstrou \u201cevidentes sinais de estar totalmente desconectado da realidade\u201d, acreditando estar conversando com membros do grupo criminoso Comando Vermelho.<\/li>\n\n\n\n<li>Considerando o estado mental do homem, o delegado de pol\u00edcia respons\u00e1vel pelo caso entendeu o ocorrido como um caso m\u00e9dico, e n\u00e3o policial. Ainda de acordo com o boletim de ocorr\u00eancia, n\u00e3o houve v\u00edtimas no aeroporto.<\/li>\n<\/ul>\n\n\n\n<p>A espada usada pelo homem foi apreendida e o caso foi registrado como localiza\u00e7\u00e3o\/apreens\u00e3o de objeto pela 4\u00aa Delegacia de Pol\u00edcia de Atendimento ao Turista, a Deatur de Viracopos.<\/p>\n\n\n\n<p>Em nota, a equipe de comunica\u00e7\u00e3o do Aeroporto de Viracopos confirmou o epis\u00f3dio e ressaltou que o homem estava na \u00e1rea p\u00fablica do aeroporto. Ningu\u00e9m ficou ferido.<\/p>\n","protected":false},"excerpt":{"rendered":"<p>Um homem em surto, de 45 anos, foi detido na noite desse domingo (26\/4) ap\u00f3s amea\u00e7ar passageiros com uma espada no Aeroporto Internacional de Viracopos, em Campinas, interior de S\u00e3o Paulo. Segundo o boletim de ocorr\u00eancia, a Pol\u00edcia Militar (PM) foi acionada para atender a ocorr\u00eancia, ap\u00f3s ser informada sobre um homem em estado \u201cvis\u00edvel\u201d [&hellip;]<\/p>\n","protected":false},"author":3,"featured_media":2570,"comment_status":"open","ping_status":"open","sticky":false,"template":"","format":"standard","meta":{"_jetpack_memberships_contains_paid_content":false,"footnotes":""},"categories":[73],"tags":[],"adace-sponsor":[],"yst_prominent_words":[],"class_list":{"0":"post-2571","1":"post","2":"type-post","3":"status-publish","4":"format-standard","5":"has-post-thumbnail","7":"category-sao-paulo"},"jetpack_featured_media_url":"https:\/\/i0.wp.com\/ullttra.com.br\/ullttranews\/wp-content\/uploads\/sites\/10\/2026\/04\/espada-encontrada-com-homem-em-surto-no-aeroporto-viracopos.webp?fit=900%2C600&ssl=1","jetpack_sharing_enabled":true,"_links":{"self":[{"href":"https:\/\/ullttra.com.br\/ullttranews\/wp-json\/wp\/v2\/posts\/2571","targetHints":{"allow":["GET"]}}],"collection":[{"href":"https:\/\/ullttra.com.br\/ullttranews\/wp-json\/wp\/v2\/posts"}],"about":[{"href":"https:\/\/ullttra.com.br\/ullttranews\/wp-json\/wp\/v2\/types\/post"}],"author":[{"embeddable":true,"href":"https:\/\/ullttra.com.br\/ullttranews\/wp-json\/wp\/v2\/users\/3"}],"replies":[{"embeddable":true,"href":"https:\/\/ullttra.com.br\/ullttranews\/wp-json\/wp\/v2\/comments?post=2571"}],"version-history":[{"count":0,"href":"https:\/\/ullttra.com.br\/ullttranews\/wp-json\/wp\/v2\/posts\/2571\/revisions"}],"wp:featuredmedia":[{"embeddable":true,"href":"https:\/\/ullttra.com.br\/ullttranews\/wp-json\/wp\/v2\/media\/2570"}],"wp:attachment":[{"href":"https:\/\/ullttra.com.br\/ullttranews\/wp-json\/wp\/v2\/media?parent=2571"}],"wp:term":[{"taxonomy":"category","embeddable":true,"href":"https:\/\/ullttra.com.br\/ullttranews\/wp-json\/wp\/v2\/categories?post=2571"},{"taxonomy":"post_tag","embeddable":true,"href":"https:\/\/ullttra.com.br\/ullttranews\/wp-json\/wp\/v2\/tags?post=2571"},{"taxonomy":"adace-sponsor","embeddable":true,"href":"https:\/\/ullttra.com.br\/ullttranews\/wp-json\/wp\/v2\/adace-sponsor?post=2571"},{"taxonomy":"yst_prominent_words","embeddable":true,"href":"https:\/\/ullttra.com.br\/ullttranews\/wp-json\/wp\/v2\/yst_prominent_words?post=2571"}],"curies":[{"name":"wp","href":"https:\/\/api.w.org\/{rel}","templated":true}]}}