{"id":2573,"date":"2026-04-27T11:05:46","date_gmt":"2026-04-27T14:05:46","guid":{"rendered":"https:\/\/ullttra.com.br\/ullttranews\/2026\/04\/27\/china-barra-compra-de-empresa-de-ia-pela-meta\/"},"modified":"2026-04-27T11:05:46","modified_gmt":"2026-04-27T14:05:46","slug":"china-barra-compra-de-empresa-de-ia-pela-meta","status":"publish","type":"post","link":"https:\/\/ullttra.com.br\/ullttranews\/2026\/04\/27\/china-barra-compra-de-empresa-de-ia-pela-meta\/","title":{"rendered":"China barra compra de empresa de IA pela Meta"},"content":{"rendered":"<div style=\"margin-top: 0px; margin-bottom: 0px;\" class=\"sharethis-inline-reaction-buttons\" ><\/div>\n<p>O governo da China informou, nesta segunda-feira (27\/4), que deve barrar a aquisi\u00e7\u00e3o da startup de intelig\u00eancia artificial (IA) Manus pela gigante norte-americana de tecnologia Meta, controladora de Facebook, Instagram, WhatsApp e Threads.<\/p>\n\n\n\n<p>Com sede em Cingapura e fundadores chineses, a Manus ganhou relev\u00e2ncia ao lan\u00e7ar um dos primeiros agentes de IA aut\u00f4nomos do mercado \u2013 desenvolvido n\u00e3o apenas para responder, mas para executar tarefas complexas.<\/p>\n\n\n\n<p>Entenda<\/p>\n\n\n\n<p><br>Em dezembro do ano passado, a Meta adquiriu a Manus por um valor estimado em cerca de US$ 2 bilh\u00f5es. Em janeiro, autoridades chinesas anunciaram que havia sido aberta uma investiga\u00e7\u00e3o sobre o neg\u00f3cio por supostas viola\u00e7\u00f5es das regras do pa\u00eds acerca de investimento estrangeiro.<\/p>\n\n\n\n<p>Ainda de acordo com Pequim, a transa\u00e7\u00e3o pode ter violado as exig\u00eancias do pa\u00eds asi\u00e1tico de que empresas tenham de obter uma aprova\u00e7\u00e3o especial para a exporta\u00e7\u00e3o de determinadas tecnologias.<\/p>\n\n\n\n<p>Segundo a Comiss\u00e3o Nacional de Desenvolvimento e Reforma, \u00f3rg\u00e3o criado pelo regime chin\u00eas para supervisionar e definir as pol\u00edticas de IA no pa\u00eds, a decis\u00e3o \u00e9 de proibir o investimento estrangeiro na Manus e recomendar \u00e0s partes envolvidas a desfazerem o neg\u00f3cio.<\/p>\n\n\n\n<p>A decis\u00e3o de Pequim \u00e9 tomada semanas antes de uma reuni\u00e3o esperada entre o presidente dos Estados Unidos, Donald Trump, e o l\u00edder chin\u00eas, Xi Jinping.<br><br>De acordo com informa\u00e7\u00f5es do jornal The New York Times, executivos da Meta e da Manus foram convocados pelo \u00f3rg\u00e3o do governo chin\u00eas para prestar esclarecimentos sobre a opera\u00e7\u00e3o. Lideran\u00e7as da startup de IA, inclusive, teriam sido impedidos de deixar a China<\/p>\n\n\n\n<p>Equipes \u201cprofundamente integradas\u201d<br><\/p>\n\n\n\n<p>At\u00e9 o momento, a Meta n\u00e3o se manifestou oficialmente sobre a decis\u00e3o do governo chin\u00eas. Segundo o The New York Times, representantes da big tech disseram \u00e0s autoridades de Pequim que suas equipes estariam \u201cprofundamente integradas\u201d com as da Manus.<br><br>Anteriormente, a dona do Facebook havia afirmado que a aquisi\u00e7\u00e3o da Manus cumpriu \u201cintegralmente\u201d a legisla\u00e7\u00e3o<\/p>\n\n\n\n<p>H\u00e1 cerca de dez dias, a Meta deu in\u00edcio a uma nova rodada de demiss\u00f5es, que deve ser intensificada a partir de maio. As demiss\u00f5es afetar\u00e3o pelo menos 10% da for\u00e7a de trabalho global da companhia, o que significa que cerca de 8 mil funcion\u00e1rios ser\u00e3o desligados.<br><br>Os cortes s\u00e3o os mais significativos desde a grande reestrutura\u00e7\u00e3o da empresa, entre 2022 e 2023, quando foram dispensados 21 mil funcion\u00e1rios.<\/p>\n\n\n\n<p>No fim de mar\u00e7o, a Meta j\u00e1 havia anunciado centenas de demiss\u00f5es para compensar os elevados investimentos em IA.<\/p>\n","protected":false},"excerpt":{"rendered":"<p>O governo da China informou, nesta segunda-feira (27\/4), que deve barrar a aquisi\u00e7\u00e3o da startup de intelig\u00eancia artificial (IA) Manus pela gigante norte-americana de tecnologia Meta, controladora de Facebook, Instagram, WhatsApp e Threads. Com sede em Cingapura e fundadores chineses, a Manus ganhou relev\u00e2ncia ao lan\u00e7ar um dos primeiros agentes de IA aut\u00f4nomos do mercado [&hellip;]<\/p>\n","protected":false},"author":3,"featured_media":2572,"comment_status":"open","ping_status":"open","sticky":false,"template":"","format":"standard","meta":{"_jetpack_memberships_contains_paid_content":false,"footnotes":""},"categories":[17],"tags":[],"adace-sponsor":[],"yst_prominent_words":[],"class_list":{"0":"post-2573","1":"post","2":"type-post","3":"status-publish","4":"format-standard","5":"has-post-thumbnail","7":"category-business"},"jetpack_featured_media_url":"https:\/\/i0.wp.com\/ullttra.com.br\/ullttranews\/wp-content\/uploads\/sites\/10\/2026\/04\/foto-empresa-meta-instagram-facebook.webp?fit=900%2C600&ssl=1","jetpack_sharing_enabled":true,"_links":{"self":[{"href":"https:\/\/ullttra.com.br\/ullttranews\/wp-json\/wp\/v2\/posts\/2573","targetHints":{"allow":["GET"]}}],"collection":[{"href":"https:\/\/ullttra.com.br\/ullttranews\/wp-json\/wp\/v2\/posts"}],"about":[{"href":"https:\/\/ullttra.com.br\/ullttranews\/wp-json\/wp\/v2\/types\/post"}],"author":[{"embeddable":true,"href":"https:\/\/ullttra.com.br\/ullttranews\/wp-json\/wp\/v2\/users\/3"}],"replies":[{"embeddable":true,"href":"https:\/\/ullttra.com.br\/ullttranews\/wp-json\/wp\/v2\/comments?post=2573"}],"version-history":[{"count":0,"href":"https:\/\/ullttra.com.br\/ullttranews\/wp-json\/wp\/v2\/posts\/2573\/revisions"}],"wp:featuredmedia":[{"embeddable":true,"href":"https:\/\/ullttra.com.br\/ullttranews\/wp-json\/wp\/v2\/media\/2572"}],"wp:attachment":[{"href":"https:\/\/ullttra.com.br\/ullttranews\/wp-json\/wp\/v2\/media?parent=2573"}],"wp:term":[{"taxonomy":"category","embeddable":true,"href":"https:\/\/ullttra.com.br\/ullttranews\/wp-json\/wp\/v2\/categories?post=2573"},{"taxonomy":"post_tag","embeddable":true,"href":"https:\/\/ullttra.com.br\/ullttranews\/wp-json\/wp\/v2\/tags?post=2573"},{"taxonomy":"adace-sponsor","embeddable":true,"href":"https:\/\/ullttra.com.br\/ullttranews\/wp-json\/wp\/v2\/adace-sponsor?post=2573"},{"taxonomy":"yst_prominent_words","embeddable":true,"href":"https:\/\/ullttra.com.br\/ullttranews\/wp-json\/wp\/v2\/yst_prominent_words?post=2573"}],"curies":[{"name":"wp","href":"https:\/\/api.w.org\/{rel}","templated":true}]}}