{"id":2575,"date":"2026-04-28T08:22:00","date_gmt":"2026-04-28T11:22:00","guid":{"rendered":"https:\/\/ullttra.com.br\/ullttranews\/2026\/04\/28\/mulher-e-atacada-com-16-facadas-por-homem-que-conheceu-na-internet\/"},"modified":"2026-04-28T08:22:00","modified_gmt":"2026-04-28T11:22:00","slug":"mulher-e-atacada-com-16-facadas-por-homem-que-conheceu-na-internet","status":"publish","type":"post","link":"https:\/\/ullttra.com.br\/ullttranews\/2026\/04\/28\/mulher-e-atacada-com-16-facadas-por-homem-que-conheceu-na-internet\/","title":{"rendered":"Mulher \u00e9 atacada com 16 facadas por homem que conheceu na internet"},"content":{"rendered":"<div style=\"margin-top: 0px; margin-bottom: 0px;\" class=\"sharethis-inline-reaction-buttons\" ><\/div>\n<p>Camila Ragazini, de 24 anos, foi atacada com 16 facadas por um homem que conheceu pelas redes sociais, na manh\u00e3 da \u00faltima sexta-feira (24\/4), em Extrema, Minas Gerais. A mulher mora em S\u00e3o Jos\u00e9 dos Campos, no interior de S\u00e3o Paulo, e tinha ido para a cidade mineira quatro dias antes, para encontrar o suspeito.<\/p>\n\n\n\n<p>Segundo o boletim de ocorr\u00eancia, Camila foi encontrada pelos policiais com diversos ferimentos vis\u00edveis e grande quantidade de sangue ao seu redor. Apesar da gravidade das les\u00f5es, ela conseguiu contar aos agentes que o homem, identificado como Jo\u00e3o Vitor Sousa Almeida, teria sido o autor do ataque.<\/p>\n\n\n\n<p>Al\u00e9m disso, ela disse \u00e0s autoridades que seu filho de tr\u00eas anos presenciou a cena. Testemunhas afirmaram \u00e0 pol\u00edcia que, por volta das 8h15, ouviram gritos de socorro de Camila e da crian\u00e7a, que saiu correndo pela rua pedindo ajuda. Neste momento, uma moradora da regi\u00e3o viu a v\u00edtima ca\u00edda no ch\u00e3o e acionou o Servi\u00e7o de Atendimento M\u00f3vel de Urg\u00eancia (Samu) e a Pol\u00edcia Militar (PM).<\/p>\n\n\n\n<p>O suspeito fugiu do local, levando o celular da v\u00edtima e deixando o pr\u00f3prio aparelho telefone para tr\u00e1s. Posteriormente, Jo\u00e3o Vitor Sousa Almeida foi preso.<\/p>\n\n\n\n<p>Camila foi socorrida e encaminhada ao pronto-socorro municipal. A crian\u00e7a de tr\u00eas anos foi direcionada para acolhimento no Conselho Tutelar.<\/p>\n\n\n\n<p>Pris\u00e3o<\/p>\n\n\n\n<ul class=\"wp-block-list\">\n<li>Jo\u00e3o Vitor Sousa Almeida foi preso horas depois do crime, na tarde de sexta-feira (24\/4). As autoridades chegaram no suspeito a partir do rastreamento do celular da v\u00edtima, levado por ele ap\u00f3s o crime.<\/li>\n\n\n\n<li>De acordo com a pol\u00edcia, o suspeito n\u00e3o obedeceu \u00e0 ordem de parada e resistiu \u00e0 pris\u00e3o, sendo necess\u00e1rio o uso da for\u00e7a policial.<\/li>\n\n\n\n<li>Ele vai responder pelo crime de tentativa de feminic\u00eddio.<\/li>\n<\/ul>\n\n\n\n<p>Camila est\u00e1 internada, mas se recupera bem ap\u00f3s o ataque.<\/p>\n","protected":false},"excerpt":{"rendered":"<p>Camila Ragazini, de 24 anos, foi atacada com 16 facadas por um homem que conheceu pelas redes sociais, na manh\u00e3 da \u00faltima sexta-feira (24\/4), em Extrema, Minas Gerais. A mulher mora em S\u00e3o Jos\u00e9 dos Campos, no interior de S\u00e3o Paulo, e tinha ido para a cidade mineira quatro dias antes, para encontrar o suspeito. [&hellip;]<\/p>\n","protected":false},"author":3,"featured_media":2574,"comment_status":"open","ping_status":"open","sticky":false,"template":"","format":"standard","meta":{"_jetpack_memberships_contains_paid_content":false,"footnotes":""},"categories":[73],"tags":[],"adace-sponsor":[],"yst_prominent_words":[],"class_list":{"0":"post-2575","1":"post","2":"type-post","3":"status-publish","4":"format-standard","5":"has-post-thumbnail","7":"category-sao-paulo"},"jetpack_featured_media_url":"https:\/\/i0.wp.com\/ullttra.com.br\/ullttranews\/wp-content\/uploads\/sites\/10\/2026\/04\/mulher-e-atacada-com-16-facadas-por-homem-que-conheceu-na-internet.webp?fit=900%2C600&ssl=1","jetpack_sharing_enabled":true,"_links":{"self":[{"href":"https:\/\/ullttra.com.br\/ullttranews\/wp-json\/wp\/v2\/posts\/2575","targetHints":{"allow":["GET"]}}],"collection":[{"href":"https:\/\/ullttra.com.br\/ullttranews\/wp-json\/wp\/v2\/posts"}],"about":[{"href":"https:\/\/ullttra.com.br\/ullttranews\/wp-json\/wp\/v2\/types\/post"}],"author":[{"embeddable":true,"href":"https:\/\/ullttra.com.br\/ullttranews\/wp-json\/wp\/v2\/users\/3"}],"replies":[{"embeddable":true,"href":"https:\/\/ullttra.com.br\/ullttranews\/wp-json\/wp\/v2\/comments?post=2575"}],"version-history":[{"count":0,"href":"https:\/\/ullttra.com.br\/ullttranews\/wp-json\/wp\/v2\/posts\/2575\/revisions"}],"wp:featuredmedia":[{"embeddable":true,"href":"https:\/\/ullttra.com.br\/ullttranews\/wp-json\/wp\/v2\/media\/2574"}],"wp:attachment":[{"href":"https:\/\/ullttra.com.br\/ullttranews\/wp-json\/wp\/v2\/media?parent=2575"}],"wp:term":[{"taxonomy":"category","embeddable":true,"href":"https:\/\/ullttra.com.br\/ullttranews\/wp-json\/wp\/v2\/categories?post=2575"},{"taxonomy":"post_tag","embeddable":true,"href":"https:\/\/ullttra.com.br\/ullttranews\/wp-json\/wp\/v2\/tags?post=2575"},{"taxonomy":"adace-sponsor","embeddable":true,"href":"https:\/\/ullttra.com.br\/ullttranews\/wp-json\/wp\/v2\/adace-sponsor?post=2575"},{"taxonomy":"yst_prominent_words","embeddable":true,"href":"https:\/\/ullttra.com.br\/ullttranews\/wp-json\/wp\/v2\/yst_prominent_words?post=2575"}],"curies":[{"name":"wp","href":"https:\/\/api.w.org\/{rel}","templated":true}]}}