{"id":2582,"date":"2026-04-29T04:14:15","date_gmt":"2026-04-29T07:14:15","guid":{"rendered":"https:\/\/ullttra.com.br\/ullttranews\/2026\/04\/29\/em-baixa-donald-trump-enfrenta-pior-indice-de-aprovacao-durante-crise-externa\/"},"modified":"2026-04-29T06:12:33","modified_gmt":"2026-04-29T09:12:33","slug":"em-baixa-donald-trump-enfrenta-pior-indice-de-aprovacao-durante-crise-externa","status":"publish","type":"post","link":"https:\/\/ullttra.com.br\/ullttranews\/2026\/04\/29\/em-baixa-donald-trump-enfrenta-pior-indice-de-aprovacao-durante-crise-externa\/","title":{"rendered":"Em baixa, Donald Trump enfrenta pior \u00edndice de aprova\u00e7\u00e3o durante crise externa"},"content":{"rendered":"<div style=\"margin-top: 0px; margin-bottom: 0px;\" class=\"sharethis-inline-reaction-buttons\" ><\/div>\r\n<p>A taxa de aprova\u00e7\u00e3o do presidente Donald Trump atingiu o n\u00edvel mais baixo nos Estados Unidos. \u00c9 o que aponta a pesquisa Reuters\/Ipsos, divulgada na ter\u00e7a-feira (28), na qual 34% dos moradores afirmaram aprovar o desempenho do republicano no segundo mandato \u2014 2% a menos do que o registrado em abril.<\/p>\r\n\r\n\r\n\r\n<p>Trump tem apresentado uma tend\u00eancia de queda na popularidade desde quando assumiu o cargo de presidente, em janeiro de 2025, ano em que recebia aprova\u00e7\u00e3o de 47% dos norte-americanos. Desde ent\u00e3o, o percentual foi caindo para abaixo dos 40%, sobretudo devido \u00e0 economia. Agora, o republicano enfrenta o pior n\u00edvel de aprova\u00e7\u00e3o, influenciado pela guerra contra o Ir\u00e3.<\/p>\r\n\r\n\r\n\r\n<p>Isso porque o conflito com Teer\u00e3, lan\u00e7ado para conter o programa nuclear do pa\u00eds (leia mais abaixo), se expandiu para o Estreito de Ormuz, rota de cerca de 20% do petr\u00f3leo mundial. A crise na regi\u00e3o vem afetando o pre\u00e7o do petr\u00f3leo, pressionando globalmente a infla\u00e7\u00e3o.<br \/><br \/>Nos Estados Unidos, os pre\u00e7os da gasolina subiram mais de 40%, chegando a cerca de US$ 4,18 (R$ 20,89) por gal\u00e3o desde o in\u00edcio da guerra, em 28 de fevereiro. Esse aumento est\u00e1 pesando no bolso das fam\u00edlias, que questionam o jeito como Trump lida com a economia. Segundo a pesquisa, apenas 22% aprovam a maneira como o presidente conduz as medidas que afetam o custo de vida, ante 25% no m\u00eas anterior.<br \/><br \/>O cen\u00e1rio econ\u00f4mico tamb\u00e9m preocupa aliados republicanos, que temem que Trump perca o controle do Congresso nas elei\u00e7\u00f5es de meio de mandato, em novembro deste ano. Embora uma s\u00f3lida maioria dos republicanos (78%) ainda diga apoiar Trump, 41% do partido afirma desaprovar a gest\u00e3o do presidente sobre o custo de vida. Ao todo, no \u00e2mbito nacional, 73% dos norte-americanos reprovam Trump em rela\u00e7\u00e3o \u00e0 economia.<\/p>\r\n\r\n\r\n\r\n<p>A pesquisa Reuters\/Ipsos, realizada em \u00e2mbito nacional e online, coletou respostas de 1.269 adultos nos Estados Unidos, incluindo 1.014 eleitores registrados. A margem de erro \u00e9 de 3 pontos percentuais.<br \/><br \/>Guerra no Ir\u00e3<br \/>O Ir\u00e3 foi alvo de um ataque coordenado entre Estados Unidos e Israel no 28 de fevereiro. O bombardeio, que deixou mais de 500 mortos, ocorreu em meio \u00e0s negocia\u00e7\u00f5es de Teer\u00e3 com Washington sobre um novo acordo nuclear.<br \/><br \/>Restringir a capacidade nuclear do Ir\u00e3 tem sido uma das prioridades da pol\u00edtica externa de Washington h\u00e1 d\u00e9cadas. Em 2015, o ent\u00e3o presidente Barack Obama fez um acordo com o pa\u00eds, limitando as atividades nucleares e permitindo a inspe\u00e7\u00e3o das instala\u00e7\u00f5es para garantir que fossem usadas apenas para fins civis e n\u00e3o para a produ\u00e7\u00e3o de armas. Em troca, o Ir\u00e3 recebia al\u00edvio nas san\u00e7\u00f5es.<br \/><br \/>Tal acordo, no entanto, foi rasgado em 2018 por Donald Trump, que alegou que o acordo era ben\u00e9fico demais para o Ir\u00e3. Com isso, o pa\u00eds deixou de cumprir o acordo e elevou o grau de enriquecimento de ur\u00e2nio \u2013 que pode ser usado para fazer bombas nucleares. O governo de Joe Biden at\u00e9 tentou retomar o acordo, oferecendo novamente al\u00edvio nas san\u00e7\u00f5es econ\u00f4micas, mas n\u00e3o obteve sucesso.<\/p>\r\n\r\n\r\n\r\n<p>Agora, em seu segundo mandato, Trump vinha pressionando o governo iraniano a limitar ou abandonar o programa nuclear, sob a justificativa de que o pa\u00eds estaria pr\u00f3ximo de desenvolver uma bomba at\u00f4mica. A acusa\u00e7\u00e3o \u00e9 rejeitada por Teer\u00e3, que afirma que o programa tem fins pac\u00edficos, voltados sobretudo \u00e0 produ\u00e7\u00e3o de energia.<\/p>\r\n","protected":false},"excerpt":{"rendered":"<p>A taxa de aprova\u00e7\u00e3o do presidente Donald Trump atingiu o n\u00edvel mais baixo nos Estados Unidos. \u00c9 o que aponta a pesquisa Reuters\/Ipsos, divulgada na ter\u00e7a-feira (28), na qual 34% dos moradores afirmaram aprovar o desempenho do republicano no segundo mandato \u2014 2% a menos do que o registrado em abril. Trump tem apresentado uma [&hellip;]<\/p>\n","protected":false},"author":3,"featured_media":2581,"comment_status":"open","ping_status":"open","sticky":false,"template":"","format":"standard","meta":{"_jetpack_memberships_contains_paid_content":false,"footnotes":""},"categories":[51],"tags":[],"adace-sponsor":[],"yst_prominent_words":[],"class_list":{"0":"post-2582","1":"post","2":"type-post","3":"status-publish","4":"format-standard","5":"has-post-thumbnail","7":"category-internacional"},"jetpack_featured_media_url":"https:\/\/i0.wp.com\/ullttra.com.br\/ullttranews\/wp-content\/uploads\/sites\/10\/2026\/04\/Foto_JPG_2026_04_29_T032644_434_274c96b129.webp?fit=640%2C440&ssl=1","jetpack_sharing_enabled":true,"_links":{"self":[{"href":"https:\/\/ullttra.com.br\/ullttranews\/wp-json\/wp\/v2\/posts\/2582","targetHints":{"allow":["GET"]}}],"collection":[{"href":"https:\/\/ullttra.com.br\/ullttranews\/wp-json\/wp\/v2\/posts"}],"about":[{"href":"https:\/\/ullttra.com.br\/ullttranews\/wp-json\/wp\/v2\/types\/post"}],"author":[{"embeddable":true,"href":"https:\/\/ullttra.com.br\/ullttranews\/wp-json\/wp\/v2\/users\/3"}],"replies":[{"embeddable":true,"href":"https:\/\/ullttra.com.br\/ullttranews\/wp-json\/wp\/v2\/comments?post=2582"}],"version-history":[{"count":1,"href":"https:\/\/ullttra.com.br\/ullttranews\/wp-json\/wp\/v2\/posts\/2582\/revisions"}],"predecessor-version":[{"id":2585,"href":"https:\/\/ullttra.com.br\/ullttranews\/wp-json\/wp\/v2\/posts\/2582\/revisions\/2585"}],"wp:featuredmedia":[{"embeddable":true,"href":"https:\/\/ullttra.com.br\/ullttranews\/wp-json\/wp\/v2\/media\/2581"}],"wp:attachment":[{"href":"https:\/\/ullttra.com.br\/ullttranews\/wp-json\/wp\/v2\/media?parent=2582"}],"wp:term":[{"taxonomy":"category","embeddable":true,"href":"https:\/\/ullttra.com.br\/ullttranews\/wp-json\/wp\/v2\/categories?post=2582"},{"taxonomy":"post_tag","embeddable":true,"href":"https:\/\/ullttra.com.br\/ullttranews\/wp-json\/wp\/v2\/tags?post=2582"},{"taxonomy":"adace-sponsor","embeddable":true,"href":"https:\/\/ullttra.com.br\/ullttranews\/wp-json\/wp\/v2\/adace-sponsor?post=2582"},{"taxonomy":"yst_prominent_words","embeddable":true,"href":"https:\/\/ullttra.com.br\/ullttranews\/wp-json\/wp\/v2\/yst_prominent_words?post=2582"}],"curies":[{"name":"wp","href":"https:\/\/api.w.org\/{rel}","templated":true}]}}