{"id":2588,"date":"2026-04-29T08:02:50","date_gmt":"2026-04-29T11:02:50","guid":{"rendered":"https:\/\/ullttra.com.br\/ullttranews\/?p=2588"},"modified":"2026-04-29T08:05:55","modified_gmt":"2026-04-29T11:05:55","slug":"operacao-policial-investiga-oruam-e-familia-por-elo-financeiro-com-o-comando-vermelho","status":"publish","type":"post","link":"https:\/\/ullttra.com.br\/ullttranews\/2026\/04\/29\/operacao-policial-investiga-oruam-e-familia-por-elo-financeiro-com-o-comando-vermelho\/","title":{"rendered":"Opera\u00e7\u00e3o policial investiga Oruam e fam\u00edlia por elo financeiro com o Comando Vermelho"},"content":{"rendered":"<div style=\"margin-top: 0px; margin-bottom: 0px;\" class=\"sharethis-inline-reaction-buttons\" ><\/div>\n<p> O rapper Mauro Davi dos Santos Nepomuceno, o Oruam, \u00e9 alvo de uma opera\u00e7\u00e3o da Pol\u00edcia Civil, nesta quarta-feira (29), na Zona Sudoeste. Agentes da Delegacia de Repress\u00e3o a Entorpecentes (DRE) realizam a a\u00e7\u00e3o para desarticular o bra\u00e7o financeiro do Comando Vermelho, que movimenta e oculta recursos oriundos do tr\u00e1fico de drogas. At\u00e9 o momento, um homem foi preso.<\/p>\n\n\n\n<p>Equipes est\u00e3o nas ruas para cumprir mandados de pris\u00e3o e de busca e apreens\u00e3o nos bairros Jacarepagu\u00e1 e Barra da Tijuca. Al\u00e9m de Oruam, os policiais buscam prender a m\u00e3e dele, M\u00e1rcia Gama Nepomuceno, e seu irm\u00e3o, Lucca Nepomuceno. Outros alvos integram a c\u00fapula da fac\u00e7\u00e3o e operadores financeiros.<br>Segundo as investiga\u00e7\u00f5es, h\u00e1 um sistema estruturado de recebimento, pulveriza\u00e7\u00e3o e reinser\u00e7\u00e3o de valores il\u00edcitos no circuito econ\u00f4mico formal. De acordo com a DRE, os recursos do tr\u00e1fico eram repassados pelos l\u00edderes do CV a operadores financeiros, que faziam a fragmenta\u00e7\u00e3o do dinheiro para contas de terceiros, al\u00e9m de utilizar as quantias para pagamento de despesas, aquisi\u00e7\u00e3o de bens e oculta\u00e7\u00e3o patrimonial.<br>Foram identificadas movimenta\u00e7\u00f5es financeiras incompat\u00edveis com a renda declarada pelos investigados, evidenciando a origem il\u00edcita dos recursos. A apura\u00e7\u00e3o apontou ainda a atua\u00e7\u00e3o coordenada de diversos integrantes, incluindo operadores respons\u00e1veis por intermediar transa\u00e7\u00f5es sucessivas com o objetivo de dificultar o rastreamento do dinheiro.<\/p>\n\n\n\n<p>A investiga\u00e7\u00e3o encontrou conversas entre Carlos Costa Neves, conhecido como Gardenal, apontado como uma das principais lideran\u00e7as da fac\u00e7\u00e3o, e um miliciano. Segundo a Pol\u00edcia Civil, tais di\u00e1logos refor\u00e7am a influ\u00eancia de M\u00e1rcio dos Santos Nepomuceno, o Marcinho VP, como lideran\u00e7a central do CV, mesmo ap\u00f3s anos dentro de pres\u00eddios.<br>A opera\u00e7\u00e3o da DRE ocorre depois de um trabalho investigativo aprofundado, conduzido ao longo de cerca de um ano, que permitiu identificar e mapear a engrenagem financeira utilizada pela organiza\u00e7\u00e3o criminosa. As apura\u00e7\u00f5es tiveram como base a an\u00e1lise de dados extra\u00eddos de dispositivos eletr\u00f4nicos apreendidos, al\u00e9m do cruzamento de informa\u00e7\u00f5es telem\u00e1ticas e financeiras.<br>At\u00e9 o momento, Carlos Alexandre Martins da Silva, apontado como um dos operadores financeiros, foi preso.<br><br>As investiga\u00e7\u00f5es seguem em andamento para identificar outros envolvidos, poss\u00edveis empresas utilizadas na lavagem de dinheiro e benefici\u00e1rios indiretos dos recursos il\u00edcitos.<\/p>\n\n\n\n<p>A a\u00e7\u00e3o desta quarta faz parte da &#8220;Opera\u00e7\u00e3o Conten\u00e7\u00e3o&#8221;, uma ofensiva estrat\u00e9gica do Governo do Estado para conter e atacar o avan\u00e7o territorial do Comando Vermelho. O principal objetivo \u00e9 desarticular toda a estrutura financeira, log\u00edstica e operacional da fac\u00e7\u00e3o e prender traficantes que atuam na regi\u00e3o. Mais de 300 pessoas j\u00e1 foram presas e 136 mortas em confronto. Foram apreendidas cerca de 470 armas.<\/p>\n","protected":false},"excerpt":{"rendered":"<p>O rapper Mauro Davi dos Santos Nepomuceno, o Oruam, \u00e9 alvo de uma opera\u00e7\u00e3o da Pol\u00edcia Civil, nesta quarta-feira (29), na Zona Sudoeste. Agentes da Delegacia de Repress\u00e3o a Entorpecentes (DRE) realizam a a\u00e7\u00e3o para desarticular o bra\u00e7o financeiro do Comando Vermelho, que movimenta e oculta recursos oriundos do tr\u00e1fico de drogas. At\u00e9 o momento, [&hellip;]<\/p>\n","protected":false},"author":3,"featured_media":2590,"comment_status":"open","ping_status":"open","sticky":false,"template":"","format":"standard","meta":{"_jetpack_memberships_contains_paid_content":false,"footnotes":""},"categories":[67],"tags":[],"adace-sponsor":[],"yst_prominent_words":[],"class_list":{"0":"post-2588","1":"post","2":"type-post","3":"status-publish","4":"format-standard","5":"has-post-thumbnail","7":"category-rio-de-janeiro"},"jetpack_featured_media_url":"https:\/\/i0.wp.com\/ullttra.com.br\/ullttranews\/wp-content\/uploads\/sites\/10\/2026\/04\/IMG-20260429-WA0002.jpg?fit=750%2C422&ssl=1","jetpack_sharing_enabled":true,"_links":{"self":[{"href":"https:\/\/ullttra.com.br\/ullttranews\/wp-json\/wp\/v2\/posts\/2588","targetHints":{"allow":["GET"]}}],"collection":[{"href":"https:\/\/ullttra.com.br\/ullttranews\/wp-json\/wp\/v2\/posts"}],"about":[{"href":"https:\/\/ullttra.com.br\/ullttranews\/wp-json\/wp\/v2\/types\/post"}],"author":[{"embeddable":true,"href":"https:\/\/ullttra.com.br\/ullttranews\/wp-json\/wp\/v2\/users\/3"}],"replies":[{"embeddable":true,"href":"https:\/\/ullttra.com.br\/ullttranews\/wp-json\/wp\/v2\/comments?post=2588"}],"version-history":[{"count":1,"href":"https:\/\/ullttra.com.br\/ullttranews\/wp-json\/wp\/v2\/posts\/2588\/revisions"}],"predecessor-version":[{"id":2591,"href":"https:\/\/ullttra.com.br\/ullttranews\/wp-json\/wp\/v2\/posts\/2588\/revisions\/2591"}],"wp:featuredmedia":[{"embeddable":true,"href":"https:\/\/ullttra.com.br\/ullttranews\/wp-json\/wp\/v2\/media\/2590"}],"wp:attachment":[{"href":"https:\/\/ullttra.com.br\/ullttranews\/wp-json\/wp\/v2\/media?parent=2588"}],"wp:term":[{"taxonomy":"category","embeddable":true,"href":"https:\/\/ullttra.com.br\/ullttranews\/wp-json\/wp\/v2\/categories?post=2588"},{"taxonomy":"post_tag","embeddable":true,"href":"https:\/\/ullttra.com.br\/ullttranews\/wp-json\/wp\/v2\/tags?post=2588"},{"taxonomy":"adace-sponsor","embeddable":true,"href":"https:\/\/ullttra.com.br\/ullttranews\/wp-json\/wp\/v2\/adace-sponsor?post=2588"},{"taxonomy":"yst_prominent_words","embeddable":true,"href":"https:\/\/ullttra.com.br\/ullttranews\/wp-json\/wp\/v2\/yst_prominent_words?post=2588"}],"curies":[{"name":"wp","href":"https:\/\/api.w.org\/{rel}","templated":true}]}}