{"id":2593,"date":"2026-04-29T08:38:26","date_gmt":"2026-04-29T11:38:26","guid":{"rendered":"https:\/\/ullttra.com.br\/ullttranews\/2026\/04\/29\/motorista-de-app-ex-pm-e-detido-por-suspeita-de-tentativa-de-homicidio-no-rio-de-janeiro\/"},"modified":"2026-04-29T08:38:26","modified_gmt":"2026-04-29T11:38:26","slug":"motorista-de-app-ex-pm-e-detido-por-suspeita-de-tentativa-de-homicidio-no-rio-de-janeiro","status":"publish","type":"post","link":"https:\/\/ullttra.com.br\/ullttranews\/2026\/04\/29\/motorista-de-app-ex-pm-e-detido-por-suspeita-de-tentativa-de-homicidio-no-rio-de-janeiro\/","title":{"rendered":"Motorista de app, ex-PM \u00e9 detido por suspeita de tentativa de homic\u00eddio no Rio de Janeiro"},"content":{"rendered":"<div style=\"margin-top: 0px; margin-bottom: 0px;\" class=\"sharethis-inline-reaction-buttons\" ><\/div>\n<p>Um motorista de aplicativo foi preso nesta quarta-feira (29\/4) suspeito de tentar matar passageiros ap\u00f3s uma discuss\u00e3o durante uma corrida, em Vicente de Carvalho, na Zona Norte do Rio de Janeiro.<\/p>\n\n\n\n<p>O investigado, Alexandre Melo de Oliveira, foi alvo de mandado de pris\u00e3o tempor\u00e1ria por tentativa de homic\u00eddio qualificado, cumprido por agentes da 27\u00aa DP. A pol\u00edcia tamb\u00e9m realizou buscas na casa dele, em Jacarepagu\u00e1.<\/p>\n\n\n\n<p>A pol\u00edcia tamb\u00e9m identificou que Alexandre \u00e9 ex-policial militar e possui condena\u00e7\u00e3o anterior por porte ilegal de arma de fogo de uso restrito.<\/p>\n\n\n\n<p>Segundo as investiga\u00e7\u00f5es, o crime ocorreu na noite de 25 de abril, na Rua Ti\u00faba. O desentendimento teria come\u00e7ado por causa da cobran\u00e7a de valores ap\u00f3s a corrida, supostamente relacionados a danos no interior do ve\u00edculo.<\/p>\n\n\n\n<p>Ap\u00f3s a discuss\u00e3o, o motorista deixou o local, mas voltou minutos depois. Ele estacionou o carro mais \u00e0 frente, desceu armado e retornou a p\u00e9, quando efetuou dois disparos na dire\u00e7\u00e3o dos passageiros.<\/p>\n\n\n\n<p>As v\u00edtimas n\u00e3o foram atingidas por circunst\u00e2ncias alheias \u00e0 vontade do autor, segundo a Pol\u00edcia Civil.<\/p>\n\n\n\n<p>A investiga\u00e7\u00e3o reuniu imagens de c\u00e2meras de seguran\u00e7a, depoimentos de testemunhas e vest\u00edgios recolhidos no local, como estojos de muni\u00e7\u00e3o, que ajudaram a reconstituir a din\u00e2mica do crime.<\/p>\n\n\n\n<p>Durante as buscas na resid\u00eancia do suspeito, os agentes apreenderam uma pistola calibre .380, carregador e muni\u00e7\u00f5es, apontados como sendo utilizados na tentativa de homic\u00eddio.<br><br>Ele foi encaminhado ao sistema prisional e permanece \u00e0 disposi\u00e7\u00e3o da Justi\u00e7a.<\/p>\n\n\n\n<p><\/p>\n","protected":false},"excerpt":{"rendered":"<p>Um motorista de aplicativo foi preso nesta quarta-feira (29\/4) suspeito de tentar matar passageiros ap\u00f3s uma discuss\u00e3o durante uma corrida, em Vicente de Carvalho, na Zona Norte do Rio de Janeiro. O investigado, Alexandre Melo de Oliveira, foi alvo de mandado de pris\u00e3o tempor\u00e1ria por tentativa de homic\u00eddio qualificado, cumprido por agentes da 27\u00aa DP. [&hellip;]<\/p>\n","protected":false},"author":3,"featured_media":2592,"comment_status":"open","ping_status":"open","sticky":false,"template":"","format":"standard","meta":{"_jetpack_memberships_contains_paid_content":false,"footnotes":""},"categories":[67],"tags":[],"adace-sponsor":[],"yst_prominent_words":[],"class_list":{"0":"post-2593","1":"post","2":"type-post","3":"status-publish","4":"format-standard","5":"has-post-thumbnail","7":"category-rio-de-janeiro"},"jetpack_featured_media_url":"https:\/\/i0.wp.com\/ullttra.com.br\/ullttranews\/wp-content\/uploads\/sites\/10\/2026\/04\/ex-pm.webp?fit=900%2C600&ssl=1","jetpack_sharing_enabled":true,"_links":{"self":[{"href":"https:\/\/ullttra.com.br\/ullttranews\/wp-json\/wp\/v2\/posts\/2593","targetHints":{"allow":["GET"]}}],"collection":[{"href":"https:\/\/ullttra.com.br\/ullttranews\/wp-json\/wp\/v2\/posts"}],"about":[{"href":"https:\/\/ullttra.com.br\/ullttranews\/wp-json\/wp\/v2\/types\/post"}],"author":[{"embeddable":true,"href":"https:\/\/ullttra.com.br\/ullttranews\/wp-json\/wp\/v2\/users\/3"}],"replies":[{"embeddable":true,"href":"https:\/\/ullttra.com.br\/ullttranews\/wp-json\/wp\/v2\/comments?post=2593"}],"version-history":[{"count":0,"href":"https:\/\/ullttra.com.br\/ullttranews\/wp-json\/wp\/v2\/posts\/2593\/revisions"}],"wp:featuredmedia":[{"embeddable":true,"href":"https:\/\/ullttra.com.br\/ullttranews\/wp-json\/wp\/v2\/media\/2592"}],"wp:attachment":[{"href":"https:\/\/ullttra.com.br\/ullttranews\/wp-json\/wp\/v2\/media?parent=2593"}],"wp:term":[{"taxonomy":"category","embeddable":true,"href":"https:\/\/ullttra.com.br\/ullttranews\/wp-json\/wp\/v2\/categories?post=2593"},{"taxonomy":"post_tag","embeddable":true,"href":"https:\/\/ullttra.com.br\/ullttranews\/wp-json\/wp\/v2\/tags?post=2593"},{"taxonomy":"adace-sponsor","embeddable":true,"href":"https:\/\/ullttra.com.br\/ullttranews\/wp-json\/wp\/v2\/adace-sponsor?post=2593"},{"taxonomy":"yst_prominent_words","embeddable":true,"href":"https:\/\/ullttra.com.br\/ullttranews\/wp-json\/wp\/v2\/yst_prominent_words?post=2593"}],"curies":[{"name":"wp","href":"https:\/\/api.w.org\/{rel}","templated":true}]}}