{"id":2743,"date":"2026-08-30T12:55:35","date_gmt":"2026-08-30T15:55:35","guid":{"rendered":"https:\/\/ullttra.com.br\/ullttrapop\/2026\/08\/30\/ensaios-da-anitta-turne-pre-carnavalesca-passara-por-oito-cidades\/"},"modified":"2026-08-30T12:55:35","modified_gmt":"2026-08-30T15:55:35","slug":"ensaios-da-anitta-turne-pre-carnavalesca-passara-por-oito-cidades","status":"publish","type":"post","link":"https:\/\/ullttra.com.br\/ullttrapop\/2026\/08\/30\/ensaios-da-anitta-turne-pre-carnavalesca-passara-por-oito-cidades\/","title":{"rendered":"Ensaios da Anitta: Turn\u00ea Pr\u00e9-carnavalesca Passar\u00e1 Por Oito Cidades"},"content":{"rendered":"<div style=\"margin-top: 0px; margin-bottom: 0px;\" class=\"sharethis-inline-reaction-buttons\" ><\/div>\n<p class=\"wp-block-paragraph\">Os ENSAIOS DA ANITTA est\u00e3o de volta. A maior turn\u00ea do ver\u00e3o brasileiro j\u00e1 tem datas e locais definidos para 2027. Bel\u00e9m, Recife, Belo Horizonte, Bras\u00edlia, Campinas, Rio de Janeiro, Curitiba e S\u00e3o Paulo receber\u00e3o os mega shows da carioca, conforme anunciado neste domingo (30). A temporada acontece entre 9 e 31 de janeiro.<br \/><br \/>A pr\u00e9-venda de ingressos, exclusiva para clientes dos cart\u00f5es de cr\u00e9dito Mercado Pago, come\u00e7a na pr\u00f3xima ter\u00e7a-feira (01), ao meio-dia. As vendas oficiais t\u00eam in\u00edcio no dia seguinte, quarta-feira (02).<br \/><br \/>\u201c\u00c9 Festa no Brasil!\u201d \u00e9 o tema que guiar\u00e1 a temporada de 2027, inspirado nas festas e festejos t\u00edpicos brasileiros. \u201cSe o Carnaval \u00e9 a maior festa popular do mundo, por que n\u00e3o aproveitar essa folia pra olhar um pouquinho pra nossa identidade cultural e redescobrir o Brasil pelas festas que o pr\u00f3prio Brasil criou?\u201d.<br \/><br \/>A proposta estar\u00e1 presente em toda a est\u00e9tica dos Ensaios da Anitta em 2027, dos cen\u00e1rios aos figurinos de palco da cantora, que s\u00e3o um show \u00e0 parte. A experi\u00eancia mant\u00e9m ainda o j\u00e1 cl\u00e1ssico palco 360\u00ba, que aproxima a artista dos f\u00e3s durante as apresenta\u00e7\u00f5es, al\u00e9m do line-up surpresa e diverso de convidados musicais, que se juntam \u00e0 folia da girl from Rio.<br \/><br \/>A diversidade tamb\u00e9m aparece no repert\u00f3rio, que percorre o cat\u00e1logo de hits da cantora e abre espa\u00e7o para m\u00fasicas carnavalescas de diferentes estilos, refor\u00e7ando a mistura de ritmos que \u00e9 marca registrada dos Ensaios da Anitta.<br \/><br \/>Mais informa\u00e7\u00f5es pelo site <a href=\"http:\/\/www.carnavaldaanitta.com.br\">www.carnavaldaanitta.com.br<\/a>. <br \/><br \/><strong>ENSAIOS DA ANITTA 2027 &#8211; DATAS E CIDADES<\/strong><br \/>09\/01 &#8211; Bel\u00e9m <br \/>10\/01 &#8211; Recife <br \/>16\/01 &#8211; Belo Horizonte <br \/>17\/01 &#8211; Bras\u00edlia <br \/>23\/01 &#8211; Campinas <br \/>24\/01 &#8211; Rio de Janeiro <br \/>30\/01 &#8211; Curitiba <br \/>31\/01 &#8211; S\u00e3o Paulo<\/p>\n","protected":false},"excerpt":{"rendered":"<p>Os ENSAIOS DA ANITTA est\u00e3o de volta. A maior turn\u00ea do ver\u00e3o brasileiro j\u00e1 tem datas e locais definidos para 2027. Bel\u00e9m, Recife, Belo Horizonte, Bras\u00edlia, Campinas, Rio de Janeiro, Curitiba e S\u00e3o Paulo receber\u00e3o os mega shows da carioca, conforme anunciado neste domingo (30). A temporada acontece entre 9 e 31 de janeiro. A [&hellip;]<\/p>\n","protected":false},"author":1,"featured_media":2741,"comment_status":"open","ping_status":"open","sticky":false,"template":"","format":"standard","meta":{"_jetpack_newsletter_access":"","_jetpack_dont_email_post_to_subs":false,"_jetpack_newsletter_tier_id":0,"_jetpack_memberships_contains_paywalled_content":false,"_jetpack_feature_clip_id":0,"_jetpack_memberships_contains_paid_content":false,"footnotes":"","jetpack_post_was_ever_published":false},"categories":[39],"tags":[59,44],"adace-sponsor":[],"yst_prominent_words":[],"class_list":["post-2743","post","type-post","status-publish","format-standard","has-post-thumbnail","category-musica","tag-anitta","tag-thalismendonca"],"jetpack_sharing_enabled":true,"jetpack_featured_media_url":"https:\/\/ullttra.com.br\/ullttrapop\/wp-content\/uploads\/sites\/6\/2026\/08\/anitta-qdq15y2kih4m.jpg","_links":{"self":[{"href":"https:\/\/ullttra.com.br\/ullttrapop\/wp-json\/wp\/v2\/posts\/2743","targetHints":{"allow":["GET"]}}],"collection":[{"href":"https:\/\/ullttra.com.br\/ullttrapop\/wp-json\/wp\/v2\/posts"}],"about":[{"href":"https:\/\/ullttra.com.br\/ullttrapop\/wp-json\/wp\/v2\/types\/post"}],"author":[{"embeddable":true,"href":"https:\/\/ullttra.com.br\/ullttrapop\/wp-json\/wp\/v2\/users\/1"}],"replies":[{"embeddable":true,"href":"https:\/\/ullttra.com.br\/ullttrapop\/wp-json\/wp\/v2\/comments?post=2743"}],"version-history":[{"count":0,"href":"https:\/\/ullttra.com.br\/ullttrapop\/wp-json\/wp\/v2\/posts\/2743\/revisions"}],"wp:featuredmedia":[{"embeddable":true,"href":"https:\/\/ullttra.com.br\/ullttrapop\/wp-json\/wp\/v2\/media\/2741"}],"wp:attachment":[{"href":"https:\/\/ullttra.com.br\/ullttrapop\/wp-json\/wp\/v2\/media?parent=2743"}],"wp:term":[{"taxonomy":"category","embeddable":true,"href":"https:\/\/ullttra.com.br\/ullttrapop\/wp-json\/wp\/v2\/categories?post=2743"},{"taxonomy":"post_tag","embeddable":true,"href":"https:\/\/ullttra.com.br\/ullttrapop\/wp-json\/wp\/v2\/tags?post=2743"},{"taxonomy":"adace-sponsor","embeddable":true,"href":"https:\/\/ullttra.com.br\/ullttrapop\/wp-json\/wp\/v2\/adace-sponsor?post=2743"},{"taxonomy":"yst_prominent_words","embeddable":true,"href":"https:\/\/ullttra.com.br\/ullttrapop\/wp-json\/wp\/v2\/yst_prominent_words?post=2743"}],"curies":[{"name":"wp","href":"https:\/\/api.w.org\/{rel}","templated":true}]}}