{"id":2756,"date":"2026-04-27T23:02:32","date_gmt":"2026-04-28T02:02:32","guid":{"rendered":"https:\/\/ullttra.com.br\/ullttrapop\/2026\/04\/27\/lady-gaga-e-doechii-lancam-o-videoclipe-de-runway\/"},"modified":"2026-04-27T23:18:28","modified_gmt":"2026-04-28T02:18:28","slug":"lady-gaga-e-doechii-lancam-o-videoclipe-de-runway","status":"publish","type":"post","link":"https:\/\/ullttra.com.br\/ullttrapop\/2026\/04\/27\/lady-gaga-e-doechii-lancam-o-videoclipe-de-runway\/","title":{"rendered":"Lady Gaga e Doechii lan\u00e7am o videoclipe de \u201cRUNWAY\u201d"},"content":{"rendered":"<div style=\"margin-top: 0px; margin-bottom: 0px;\" class=\"sharethis-inline-reaction-buttons\" ><\/div>\r\n<p><a href=\"http:\/\/Ullttra.com.br\/ullttrapop\/tag\/lady-gaga\/\">Lady Gaga<\/a> e Doechii lan\u00e7aram hoje, 27 de abril de 2026, o videoclipe oficial de \u201cRUNWAY\u201d, m\u00fasica criada especialmente para a trilha sonora de O Diabo Veste Prada 2. Dirigido pela neozelandesa Parris Goebel, o clipe chega dias antes da estreia do filme nos cinemas brasileiros, marcada para 30 de abril, e consolida a parceria entre as duas artistas como um dos eventos musicais mais comentados do ano.<br \/><br \/>O videoclipe aposta em uma est\u00e9tica de alta costura futurista, com Gaga e Doechii desfilando em uma s\u00e9rie de looks ousados que dialogam diretamente com o universo glamouroso e competitivo do filme. Confira.<\/p>\r\n\r\n\r\n\r\n<p><div class=\"mace-youtube\" data-mace-video=\"https:\/\/www.youtube.com\/embed\/XXIX2WnfbpE?si=_ev67EFoVV86KWfW&#038;showinfo=0&#038;rel=1&#038;ytp-pause-overlay=1&#038;autoplay=1&#038;enablejsapi=1\" data-mace-video-thumb=\"https:\/\/img.youtube.com\/vi\/XXIX2WnfbpE?si=_ev67EFoVV86KWfW\/hqdefault.jpg\"><div class=\"mace-play-button\"><\/div><\/div><\/p>\r\n\r\n\r\n\r\n<p>Filmado com a marca registrada de Parris Goebel \u2014 core\u00f3grafa e diretora que j\u00e1 trabalhou com Janet Jackson e Justin Bieber \u2014, o clipe de \u201cRUNWAY\u201d apresenta as duas artistas revezando em looks de estruturas ousadas, paletas contrastantes e conceitos visuais que beiram o surrealismo fashion. O destaque vai para um momento em que Gaga e Doechii aparecem fundidas em um \u00fanico casaco carmesim, constru\u00eddo para dois corpos, com perucas platinadas combinando \u2014 uma refer\u00eancia direta ao poder dual que a m\u00fasica celebra.<\/p>\r\n\r\n\r\n\r\n<p>Outros looks not\u00e1veis incluem macac\u00f5es cravejados em vers\u00f5es branca (Gaga) e preta (Doechii), cobrindo tudo exceto olhos e boca, e vestidos de baile \u00e0 la Maria Antonieta<\/p>\r\n\r\n\r\n\r\n<figure class=\"wp-block-image size-large\"><img decoding=\"async\" data-expand=\"600\" class=\"lazyload wp-image-2754\" src=\"data:image\/svg+xml;charset=utf-8,%3Csvg xmlns%3D'http%3A%2F%2Fwww.w3.org%2F2000%2Fsvg' viewBox%3D'0 0 1 1'%2F%3E\" data-src=\"https:\/\/ullttra.com.br\/ullttrapop\/wp-content\/uploads\/sites\/6\/2026\/04\/lady-gaga-doechii-runway-clipe-768x4026807408293780923870-1.jpg\" alt=\"\" \/>\r\n<figcaption class=\"wp-element-caption\">Lady Gaga e Doechii em destaque no clipe \u201cRUNWAY\u201d, primeira colabora\u00e7\u00e3o oficial entre as artistas para O Diabo Veste Prada 2.<\/figcaption>\r\n<\/figure>\r\n\r\n\r\n\r\n<p>Segundo a <a href=\"https:\/\/variety.com\/2026\/film\/news\/lady-gaga-doechii-runway-music-video-sass-high-fashion-1236726548\/\">Variety<\/a>, a m\u00fasica aparece no filme durante uma cena dos bastidores da Semana de Moda de Mil\u00e3o, enquanto modelos se preparam para desfilar. A escolha refor\u00e7a a ideia de que a sequ\u00eancia quer capturar o ritmo fren\u00e9tico e glamouroso da ind\u00fastria da moda contempor\u00e2nea, e n\u00e3o apenas reviver a nostalgia do original de 2006.<\/p>\r\n\r\n\r\n\r\n<p>A sequ\u00eancia, dirigida novamente por David Frankel com roteiro de Aline Brosh McKenna, se passa duas d\u00e9cadas depois do original e explora os efeitos da digitaliza\u00e7\u00e3o no jornalismo de moda. Miranda Priestly continua no comando da revista Runway, mas agora enfrenta um obst\u00e1culo in\u00e9dito: sua ex-assistente Emily passou a atuar como executiva de alto escal\u00e3o em uma marca de luxo, interferindo diretamente nos planos da editora.<br \/><br \/>Al\u00e9m de Gaga, o filme conta com participa\u00e7\u00f5es de Donatella Versace, filmada em Mil\u00e3o, Naomi Campbell em um desfile da Dolce &amp; Gabbana durante a Semana de Moda, e Anna Wintour, que visitou o set na It\u00e1lia e contribuiu com \u201cobserva\u00e7\u00f5es\u201d sobre a decora\u00e7\u00e3o de cena \u2014 incluindo uma nota sobre o excesso de flores na cor errada.<\/p>\r\n","protected":false},"excerpt":{"rendered":"<p>Lady Gaga e Doechii lan\u00e7aram hoje, 27 de abril de 2026, o videoclipe oficial de \u201cRUNWAY\u201d, m\u00fasica criada especialmente para a trilha sonora de O Diabo Veste Prada 2. Dirigido pela neozelandesa Parris Goebel, o clipe chega dias antes da estreia do filme nos cinemas brasileiros, marcada para 30 de abril, e consolida a parceria [&hellip;]<\/p>\n","protected":false},"author":1,"featured_media":2755,"comment_status":"open","ping_status":"open","sticky":false,"template":"","format":"standard","meta":{"_jetpack_memberships_contains_paid_content":false,"footnotes":""},"categories":[39],"tags":[96,78,97,44],"adace-sponsor":[],"yst_prominent_words":[],"class_list":{"0":"post-2756","1":"post","2":"type-post","3":"status-publish","4":"format-standard","5":"has-post-thumbnail","7":"category-musica","8":"tag-doechii","9":"tag-lady-gaga","10":"tag-runway","11":"tag-thalismendonca"},"jetpack_featured_media_url":"https:\/\/ullttra.com.br\/ullttrapop\/wp-content\/uploads\/sites\/6\/2026\/04\/lady-gaga-doechii-runway-768x402-1.webp","jetpack_sharing_enabled":true,"_links":{"self":[{"href":"https:\/\/ullttra.com.br\/ullttrapop\/wp-json\/wp\/v2\/posts\/2756","targetHints":{"allow":["GET"]}}],"collection":[{"href":"https:\/\/ullttra.com.br\/ullttrapop\/wp-json\/wp\/v2\/posts"}],"about":[{"href":"https:\/\/ullttra.com.br\/ullttrapop\/wp-json\/wp\/v2\/types\/post"}],"author":[{"embeddable":true,"href":"https:\/\/ullttra.com.br\/ullttrapop\/wp-json\/wp\/v2\/users\/1"}],"replies":[{"embeddable":true,"href":"https:\/\/ullttra.com.br\/ullttrapop\/wp-json\/wp\/v2\/comments?post=2756"}],"version-history":[{"count":2,"href":"https:\/\/ullttra.com.br\/ullttrapop\/wp-json\/wp\/v2\/posts\/2756\/revisions"}],"predecessor-version":[{"id":2760,"href":"https:\/\/ullttra.com.br\/ullttrapop\/wp-json\/wp\/v2\/posts\/2756\/revisions\/2760"}],"wp:featuredmedia":[{"embeddable":true,"href":"https:\/\/ullttra.com.br\/ullttrapop\/wp-json\/wp\/v2\/media\/2755"}],"wp:attachment":[{"href":"https:\/\/ullttra.com.br\/ullttrapop\/wp-json\/wp\/v2\/media?parent=2756"}],"wp:term":[{"taxonomy":"category","embeddable":true,"href":"https:\/\/ullttra.com.br\/ullttrapop\/wp-json\/wp\/v2\/categories?post=2756"},{"taxonomy":"post_tag","embeddable":true,"href":"https:\/\/ullttra.com.br\/ullttrapop\/wp-json\/wp\/v2\/tags?post=2756"},{"taxonomy":"adace-sponsor","embeddable":true,"href":"https:\/\/ullttra.com.br\/ullttrapop\/wp-json\/wp\/v2\/adace-sponsor?post=2756"},{"taxonomy":"yst_prominent_words","embeddable":true,"href":"https:\/\/ullttra.com.br\/ullttrapop\/wp-json\/wp\/v2\/yst_prominent_words?post=2756"}],"curies":[{"name":"wp","href":"https:\/\/api.w.org\/{rel}","templated":true}]}}