{"id":2762,"date":"2026-04-28T15:07:59","date_gmt":"2026-04-28T18:07:59","guid":{"rendered":"https:\/\/ullttra.com.br\/ullttrapop\/2026\/04\/28\/teve-climao-livia-andrade-abre-o-jogo-sobre-suposta-cara-feia-para-ana-paula-renault-no-domingao\/"},"modified":"2026-04-28T15:22:48","modified_gmt":"2026-04-28T18:22:48","slug":"teve-climao-livia-andrade-abre-o-jogo-sobre-suposta-cara-feia-para-ana-paula-renault-no-domingao","status":"publish","type":"post","link":"https:\/\/ullttra.com.br\/ullttrapop\/2026\/04\/28\/teve-climao-livia-andrade-abre-o-jogo-sobre-suposta-cara-feia-para-ana-paula-renault-no-domingao\/","title":{"rendered":"Teve clim\u00e3o? L\u00edvia Andrade abre o jogo sobre suposta \u201ccara feia&#8221; para\u00a0 Ana Paula Renault no Doming\u00e3o"},"content":{"rendered":"<div style=\"margin-top: 0px; margin-bottom: 0px;\" class=\"sharethis-inline-reaction-buttons\" ><\/div>\n<p>L\u00edvia Andrade e Ana Paula Renault n\u00e3o se gostam? Depois da campe\u00e3 do BBB 26 participar do Doming\u00e3o com Huck, f\u00e3s do reality show levantaram suspeitas sobre uma poss\u00edvel rivalidade que teria gerado caras e bocas no palco do programa da Globo.<\/p>\n\n\n\n<p> L\u00edvia Andrade abriu o jogo sobre o que pensa a respeito de Ana Paula, e contou bastidores da troca entre elas no Doming\u00e3o.<\/p>\n\n\n\n<blockquote class=\"wp-block-quote is-layout-flow wp-block-quote-is-layout-flow\">\n<p>\u201cN\u00e3o acho que fiz caras e bocas para a Ana Paula. Confesso a voc\u00ea que n\u00e3o tive tempo de assistir esse BBB, e vi apenas alguns recortes. E pelo o que eu vi, acho sim que ela tinha que ter ganhado o programa, e eu falei isso a ela l\u00e1 nos bastidores\u201d, destaca.<\/p>\n<\/blockquote>\n\n\n\n<p>Livia entrega bastidores de um papo entre ela e Ana Paula:<\/p>\n\n\n\n<blockquote class=\"wp-block-quote is-layout-flow wp-block-quote-is-layout-flow\">\n<p>\u201cFora do programa, dei parab\u00e9ns \u00e0 Ana Paula. Falei da minha admira\u00e7\u00e3o. A vejo como uma mulher que n\u00e3o tem o comportamento esperado pela sociedade. \u00c9 fiel \u00e0s emo\u00e7\u00f5es. Ela se agrada primeiro antes de agradar o outro. Me identifico com isso e disse a ela\u201d, conta.<\/p>\n<\/blockquote>\n\n\n\n<p>L\u00edvia Andrade tamb\u00e9m rebateu boatos de que teria alguma rusga com Ana Paula por conta de movimenta\u00e7\u00f5es no Fofocalizando, do SBT, e afirmou n\u00e3o ser obrigada a sorrir para todos. No entanto, diz que n\u00e3o teve motivos para cara feia para a campe\u00e3 do BBB.<\/p>\n\n\n\n<blockquote class=\"wp-block-quote is-layout-flow wp-block-quote-is-layout-flow\">\n<p>\u201cO que me fez chegar at\u00e9 hoje \u00e9 o fato de eu ser sempre fiel a mim mesma. Consigo at\u00e9 controlar a minha boca, mas a minha cara jamais. Sou espont\u00e2nea e transparente, e \u00e9 isso que encanta o p\u00fablico. Sou fiel aos meus sentimentos, e, sinceramente, n\u00e3o fiz cara feia alguma para Ana Paula\u201d, afirma L\u00edvia.<\/p>\n<\/blockquote>\n\n\n\n<p>De acordo com o jornal Extra, L\u00edvia Andrade e Ana Paula Renault teriam quest\u00f5es mal resolvidas da \u00e9poca em que trabalhavam no SBT. Segundo fontes do ve\u00edculo, os \u201cbastidores entre elas pegavam fogo\u201d.<br \/><br \/>Livia tamb\u00e9m negou as informa\u00e7\u00f5es e disse que n\u00e3o tem experi\u00eancias negativas com Ana Paula, destacando que sua sa\u00edda do SBT foi uma decis\u00e3o pr\u00f3pria.<\/p>\n\n\n\n<p><\/p>\n","protected":false},"excerpt":{"rendered":"<p>L\u00edvia Andrade e Ana Paula Renault n\u00e3o se gostam? Depois da campe\u00e3 do BBB 26 participar do Doming\u00e3o com Huck, f\u00e3s do reality show levantaram suspeitas sobre uma poss\u00edvel rivalidade que teria gerado caras e bocas no palco do programa da Globo. L\u00edvia Andrade abriu o jogo sobre o que pensa a respeito de Ana [&hellip;]<\/p>\n","protected":false},"author":1,"featured_media":2761,"comment_status":"open","ping_status":"open","sticky":false,"template":"","format":"standard","meta":{"_jetpack_memberships_contains_paid_content":false,"footnotes":""},"categories":[37],"tags":[99,100,98,44],"adace-sponsor":[],"yst_prominent_words":[],"class_list":{"0":"post-2762","1":"post","2":"type-post","3":"status-publish","4":"format-standard","5":"has-post-thumbnail","7":"category-famosos","8":"tag-ana-paula-renault","9":"tag-domingao-com-huck","10":"tag-livia-andrade","11":"tag-thalismendonca"},"jetpack_featured_media_url":"https:\/\/ullttra.com.br\/ullttrapop\/wp-content\/uploads\/sites\/6\/2026\/04\/ana-paula-renault-2-4.webp","jetpack_sharing_enabled":true,"_links":{"self":[{"href":"https:\/\/ullttra.com.br\/ullttrapop\/wp-json\/wp\/v2\/posts\/2762","targetHints":{"allow":["GET"]}}],"collection":[{"href":"https:\/\/ullttra.com.br\/ullttrapop\/wp-json\/wp\/v2\/posts"}],"about":[{"href":"https:\/\/ullttra.com.br\/ullttrapop\/wp-json\/wp\/v2\/types\/post"}],"author":[{"embeddable":true,"href":"https:\/\/ullttra.com.br\/ullttrapop\/wp-json\/wp\/v2\/users\/1"}],"replies":[{"embeddable":true,"href":"https:\/\/ullttra.com.br\/ullttrapop\/wp-json\/wp\/v2\/comments?post=2762"}],"version-history":[{"count":1,"href":"https:\/\/ullttra.com.br\/ullttrapop\/wp-json\/wp\/v2\/posts\/2762\/revisions"}],"predecessor-version":[{"id":2763,"href":"https:\/\/ullttra.com.br\/ullttrapop\/wp-json\/wp\/v2\/posts\/2762\/revisions\/2763"}],"wp:featuredmedia":[{"embeddable":true,"href":"https:\/\/ullttra.com.br\/ullttrapop\/wp-json\/wp\/v2\/media\/2761"}],"wp:attachment":[{"href":"https:\/\/ullttra.com.br\/ullttrapop\/wp-json\/wp\/v2\/media?parent=2762"}],"wp:term":[{"taxonomy":"category","embeddable":true,"href":"https:\/\/ullttra.com.br\/ullttrapop\/wp-json\/wp\/v2\/categories?post=2762"},{"taxonomy":"post_tag","embeddable":true,"href":"https:\/\/ullttra.com.br\/ullttrapop\/wp-json\/wp\/v2\/tags?post=2762"},{"taxonomy":"adace-sponsor","embeddable":true,"href":"https:\/\/ullttra.com.br\/ullttrapop\/wp-json\/wp\/v2\/adace-sponsor?post=2762"},{"taxonomy":"yst_prominent_words","embeddable":true,"href":"https:\/\/ullttra.com.br\/ullttrapop\/wp-json\/wp\/v2\/yst_prominent_words?post=2762"}],"curies":[{"name":"wp","href":"https:\/\/api.w.org\/{rel}","templated":true}]}}