{"id":2772,"date":"2026-04-29T10:36:04","date_gmt":"2026-04-29T13:36:04","guid":{"rendered":"https:\/\/ullttra.com.br\/ullttrapop\/2026\/04\/29\/ariana-grande-anuncia-novo-album-petal-e-define-data-de-lancamento-para-julho\/"},"modified":"2026-04-29T12:43:45","modified_gmt":"2026-04-29T15:43:45","slug":"ariana-grande-anuncia-novo-album-petal-e-define-data-de-lancamento-para-julho","status":"publish","type":"post","link":"https:\/\/ullttra.com.br\/ullttrapop\/2026\/04\/29\/ariana-grande-anuncia-novo-album-petal-e-define-data-de-lancamento-para-julho\/","title":{"rendered":"Ariana Grande anuncia novo \u00e1lbum &#8216;Petal&#8217; e define data de lan\u00e7amento para julho"},"content":{"rendered":"<div style=\"margin-top: 0px; margin-bottom: 0px;\" class=\"sharethis-inline-reaction-buttons\" ><\/div>\r\n<p><a href=\"http:\/\/Ullttra.com.br\/ullttrapop\/tag\/ariana-grande\/\">Ariana Grande<\/a> anunciou o t\u00edtulo e a data de lan\u00e7amento de seu oitavo \u00e1lbum de est\u00fadio, \u201cPetal\u201d, produzido e coescrito por Grande e Ilya, com lan\u00e7amento previsto para 31 de julho pela Republic Records.<br \/><br \/>No an\u00fancio, Grande descreve o \u00e1lbum como &#8220;algo cheio de vida, que cresce atrav\u00e9s das frestas de algo frio, duro e desafiador&#8221;.<br \/><br \/>Ilya (cujo nome completo \u00e9 Ilya Salmanzadeh) \u00e9 um produtor sueco-persa que trabalhou extensivamente com o renomado produtor Max Martin, coproduziu e coescreveu grande parte do \u00e1lbum &#8220;Eternal Sunshine&#8221; de Grande, lan\u00e7ado em 2024 , e emplacou sucessos com Taylor Swift e Sam Smith, entre muitos outros.<\/p>\r\n\r\n\r\n\r\n<p>O \u00e1lbum era muito aguardado, j\u00e1 que Grande vinha divulgando fotos suas no est\u00fadio e anunciou uma turn\u00ea de ver\u00e3o com in\u00edcio em junho.<\/p>\r\n\r\n\r\n\r\n<p>O an\u00fancio surge na sequ\u00eancia de tr\u00eas anos de trabalho dela nos filmes \u201cWicked\u201d e sua sequ\u00eancia, bem como em \u201cBrilho Eterno de uma Mente Sem Lembran\u00e7as\u201d e sua edi\u00e7\u00e3o de luxo de 2025.<br \/><br \/>Embora a turn\u00ea tenha sido inicialmente associada ao \u00e1lbum &#8220;Eternal Sunshine&#8221; quando foi anunciada no ano passado, parece prov\u00e1vel que o novo \u00e1lbum seja um dos destaques. Grande afirmou que esta pode ser sua \u00faltima turn\u00ea &#8220;por um longo tempo&#8221;.<\/p>\r\n\r\n\r\n\r\n<p>\u201cOs \u00faltimos 10 ou 15 anos ser\u00e3o muito diferentes dos que est\u00e3o por vir\u201d, disse Grande em uma entrevista no ano passado no podcast \u201cGood Hang\u201d de Amy Poehler . \u201cN\u00e3o quero dizer nada definitivo. Sei que estou muito animada para fazer essa pequena turn\u00ea, mas acho que isso pode n\u00e3o acontecer novamente por muito, muito, muito, muito, muito tempo. Vou dar tudo de mim e ser\u00e1 lindo. Acho que \u00e9 por isso que estou fazendo isso, porque penso: &#8216;Um \u00faltimo suspiro!&#8217;\u201d<\/p>\r\n\r\n\r\n\r\n<figure class=\"wp-block-embed is-type-rich is-provider-instagram wp-block-embed-instagram\">\r\n<div class=\"wp-block-embed__wrapper\">https:\/\/www.instagram.com\/p\/DXrfO_NgngI\/?igsh=bjk0OWpoamFtOHJi<\/div>\r\n<\/figure>\r\n","protected":false},"excerpt":{"rendered":"<p>Ariana Grande anunciou o t\u00edtulo e a data de lan\u00e7amento de seu oitavo \u00e1lbum de est\u00fadio, \u201cPetal\u201d, produzido e coescrito por Grande e Ilya, com lan\u00e7amento previsto para 31 de julho pela Republic Records. No an\u00fancio, Grande descreve o \u00e1lbum como &#8220;algo cheio de vida, que cresce atrav\u00e9s das frestas de algo frio, duro e [&hellip;]<\/p>\n","protected":false},"author":1,"featured_media":2771,"comment_status":"open","ping_status":"open","sticky":false,"template":"","format":"standard","meta":{"_jetpack_memberships_contains_paid_content":false,"footnotes":""},"categories":[37],"tags":[44],"adace-sponsor":[],"yst_prominent_words":[],"class_list":{"0":"post-2772","1":"post","2":"type-post","3":"status-publish","4":"format-standard","5":"has-post-thumbnail","7":"category-famosos","8":"tag-thalismendonca"},"jetpack_featured_media_url":"https:\/\/ullttra.com.br\/ullttrapop\/wp-content\/uploads\/sites\/6\/2026\/04\/press-image-2_40katiatemkin-e1777389048117.jpg","jetpack_sharing_enabled":true,"_links":{"self":[{"href":"https:\/\/ullttra.com.br\/ullttrapop\/wp-json\/wp\/v2\/posts\/2772","targetHints":{"allow":["GET"]}}],"collection":[{"href":"https:\/\/ullttra.com.br\/ullttrapop\/wp-json\/wp\/v2\/posts"}],"about":[{"href":"https:\/\/ullttra.com.br\/ullttrapop\/wp-json\/wp\/v2\/types\/post"}],"author":[{"embeddable":true,"href":"https:\/\/ullttra.com.br\/ullttrapop\/wp-json\/wp\/v2\/users\/1"}],"replies":[{"embeddable":true,"href":"https:\/\/ullttra.com.br\/ullttrapop\/wp-json\/wp\/v2\/comments?post=2772"}],"version-history":[{"count":2,"href":"https:\/\/ullttra.com.br\/ullttrapop\/wp-json\/wp\/v2\/posts\/2772\/revisions"}],"predecessor-version":[{"id":2775,"href":"https:\/\/ullttra.com.br\/ullttrapop\/wp-json\/wp\/v2\/posts\/2772\/revisions\/2775"}],"wp:featuredmedia":[{"embeddable":true,"href":"https:\/\/ullttra.com.br\/ullttrapop\/wp-json\/wp\/v2\/media\/2771"}],"wp:attachment":[{"href":"https:\/\/ullttra.com.br\/ullttrapop\/wp-json\/wp\/v2\/media?parent=2772"}],"wp:term":[{"taxonomy":"category","embeddable":true,"href":"https:\/\/ullttra.com.br\/ullttrapop\/wp-json\/wp\/v2\/categories?post=2772"},{"taxonomy":"post_tag","embeddable":true,"href":"https:\/\/ullttra.com.br\/ullttrapop\/wp-json\/wp\/v2\/tags?post=2772"},{"taxonomy":"adace-sponsor","embeddable":true,"href":"https:\/\/ullttra.com.br\/ullttrapop\/wp-json\/wp\/v2\/adace-sponsor?post=2772"},{"taxonomy":"yst_prominent_words","embeddable":true,"href":"https:\/\/ullttra.com.br\/ullttrapop\/wp-json\/wp\/v2\/yst_prominent_words?post=2772"}],"curies":[{"name":"wp","href":"https:\/\/api.w.org\/{rel}","templated":true}]}}