{"id":2777,"date":"2026-04-30T23:59:46","date_gmt":"2026-05-01T02:59:46","guid":{"rendered":"https:\/\/ullttra.com.br\/ullttrapop\/2026\/04\/30\/novo-visual-carolina-dieckmann-aparece-morena-para-viver-dina-em-a-viagem\/"},"modified":"2026-05-01T07:27:37","modified_gmt":"2026-05-01T10:27:37","slug":"novo-visual-carolina-dieckmann-aparece-morena-para-viver-dina-em-a-viagem","status":"publish","type":"post","link":"https:\/\/ullttra.com.br\/ullttrapop\/2026\/04\/30\/novo-visual-carolina-dieckmann-aparece-morena-para-viver-dina-em-a-viagem\/","title":{"rendered":"Novo visual! Carolina Dieckmann aparece morena para viver Din\u00e1 em A Viagem"},"content":{"rendered":"<div style=\"margin-top: 0px; margin-bottom: 0px;\" class=\"sharethis-inline-reaction-buttons\" ><\/div>\r\n<p>Carolina Dieckmmann revelou nesta quinta-feira (30), por meio das redes sociais, um pouco de sua transforma\u00e7\u00e3o visual para o filme de \u201cA Viagem\u201d.<br \/><br \/>A atriz se despediu de seus cabelos loiros e ficou morena para interpretar Din\u00e1, personagem que j\u00e1 foi de Eva Wilma, na novela original da TV Tupi, e Christiane Torloni, no remake da TV Globo.<\/p>\r\n\r\n\r\n\r\n<p>Carol gravou todo o processo, brincou que \u201craspar a cabe\u00e7a \u00e9 muito mais f\u00e1cil\u201d do que deixar os fios castanhos e mostrou que, no fim, nem foi reconhecida pelo reconhecimento facial.<br \/><br \/>Ela tamb\u00e9m contou que a mudan\u00e7a n\u00e3o acabou: \u201cO que ainda nem eu sei \u00e9 aonde essa transforma\u00e7\u00e3o vai parar. Essa \u00e9 s\u00f3 a primeira parte\u201d.<\/p>\r\n\r\n\r\n\r\n<p>Al\u00e9m dela, Pedro Novaes e Rodrigo Lombardi tamb\u00e9m est\u00e3o no elenco da trama adaptada por Jaqueline Vargas. Eles devem viver Alexandre e Ot\u00e1vio, respectivamente.<br \/><br \/>Vale lembrar que o folhetim \u00e9 baseado no espiritismo kardecista e conta a hist\u00f3ria de vingan\u00e7a de Alexandre. Ele se suicida na pris\u00e3o e, do \u201cal\u00e9m\u201d, persegue aqueles que julga culpados, especialmente o advogado Ot\u00e1vio e a irm\u00e3 Din\u00e1.<\/p>\r\n\r\n\r\n\r\n<figure class=\"wp-block-embed is-type-rich is-provider-instagram wp-block-embed-instagram\">\r\n<div class=\"wp-block-embed__wrapper\">https:\/\/www.instagram.com\/reel\/DXwl4LUuXYk\/?igsh=aDRnYWlqNjg3Mjdr<\/div>\r\n<\/figure>\r\n","protected":false},"excerpt":{"rendered":"<p>Carolina Dieckmmann revelou nesta quinta-feira (30), por meio das redes sociais, um pouco de sua transforma\u00e7\u00e3o visual para o filme de \u201cA Viagem\u201d. A atriz se despediu de seus cabelos loiros e ficou morena para interpretar Din\u00e1, personagem que j\u00e1 foi de Eva Wilma, na novela original da TV Tupi, e Christiane Torloni, no remake [&hellip;]<\/p>\n","protected":false},"author":1,"featured_media":2776,"comment_status":"open","ping_status":"open","sticky":false,"template":"","format":"standard","meta":{"_jetpack_memberships_contains_paid_content":false,"footnotes":""},"categories":[37],"tags":[44],"adace-sponsor":[],"yst_prominent_words":[],"class_list":{"0":"post-2777","1":"post","2":"type-post","3":"status-publish","4":"format-standard","5":"has-post-thumbnail","7":"category-famosos","8":"tag-thalismendonca"},"jetpack_featured_media_url":"https:\/\/ullttra.com.br\/ullttrapop\/wp-content\/uploads\/sites\/6\/2026\/05\/carol-dieckmann.jpeg","jetpack_sharing_enabled":true,"_links":{"self":[{"href":"https:\/\/ullttra.com.br\/ullttrapop\/wp-json\/wp\/v2\/posts\/2777","targetHints":{"allow":["GET"]}}],"collection":[{"href":"https:\/\/ullttra.com.br\/ullttrapop\/wp-json\/wp\/v2\/posts"}],"about":[{"href":"https:\/\/ullttra.com.br\/ullttrapop\/wp-json\/wp\/v2\/types\/post"}],"author":[{"embeddable":true,"href":"https:\/\/ullttra.com.br\/ullttrapop\/wp-json\/wp\/v2\/users\/1"}],"replies":[{"embeddable":true,"href":"https:\/\/ullttra.com.br\/ullttrapop\/wp-json\/wp\/v2\/comments?post=2777"}],"version-history":[{"count":2,"href":"https:\/\/ullttra.com.br\/ullttrapop\/wp-json\/wp\/v2\/posts\/2777\/revisions"}],"predecessor-version":[{"id":2780,"href":"https:\/\/ullttra.com.br\/ullttrapop\/wp-json\/wp\/v2\/posts\/2777\/revisions\/2780"}],"wp:featuredmedia":[{"embeddable":true,"href":"https:\/\/ullttra.com.br\/ullttrapop\/wp-json\/wp\/v2\/media\/2776"}],"wp:attachment":[{"href":"https:\/\/ullttra.com.br\/ullttrapop\/wp-json\/wp\/v2\/media?parent=2777"}],"wp:term":[{"taxonomy":"category","embeddable":true,"href":"https:\/\/ullttra.com.br\/ullttrapop\/wp-json\/wp\/v2\/categories?post=2777"},{"taxonomy":"post_tag","embeddable":true,"href":"https:\/\/ullttra.com.br\/ullttrapop\/wp-json\/wp\/v2\/tags?post=2777"},{"taxonomy":"adace-sponsor","embeddable":true,"href":"https:\/\/ullttra.com.br\/ullttrapop\/wp-json\/wp\/v2\/adace-sponsor?post=2777"},{"taxonomy":"yst_prominent_words","embeddable":true,"href":"https:\/\/ullttra.com.br\/ullttrapop\/wp-json\/wp\/v2\/yst_prominent_words?post=2777"}],"curies":[{"name":"wp","href":"https:\/\/api.w.org\/{rel}","templated":true}]}}